{"id":1884,"date":"2022-10-19T17:56:27","date_gmt":"2022-10-19T17:56:27","guid":{"rendered":"https:\/\/anahuacqro.edu.mx\/escuelaarquitectura\/?p=1884"},"modified":"2022-10-19T17:56:27","modified_gmt":"2022-10-19T17:56:27","slug":"graduacion-generacion-2022","status":"publish","type":"post","link":"https:\/\/anahuacqro.edu.mx\/escuelaarquitectura\/2022\/10\/19\/graduacion-generacion-2022\/","title":{"rendered":"Graduaci\u00f3n generaci\u00f3n 2022"},"content":{"rendered":"<p>\u00a0<\/p>\n<h4>Graduaci\u00f3n generaci\u00f3n 2022<\/h4>\n<p style=\"text-align: left;\">En mayo 2022 se llev\u00f3 a cabo la ceremonia de graduaci\u00f3n de los nuevos egresados de la Licenciatura de Arquitectura.<\/p>\n<p style=\"text-align: left;\">Estamos orgullosos de tener 16 nuevos alumnos egresados, felicidades Alejandra Andrade, Elisa Ceja, Mar\u00eda Mart\u00ednez, Alejandra Rodr\u00edguez, Marisa S\u00e1enz, Gustavo Perusqu\u00eda, Paulina Bernal, Paola Bustos, Valeria Callejas, Sebasti\u00e1n Casillas Pineda, Xiadani Cazares, Luc\u00eda Contreras, Mar\u00eda Gordillo, Rams\u00e9s Vald\u00e9s, Mar\u00eda P\u00eda Culebro y Luis Gerardo Goyeneche.<\/p>\n<p>La ceremonia se llev\u00f3 a cabo en el polideportivo de la Universidad con los directivos de la carrera y de la Universidad An\u00e1huac de Quer\u00e9taro, as\u00ed como amigos y familiares de los alumnos.<\/p>\n<p>Por parte de la Universidad y de la Escuela de Arquitectura, queremos extenderles una grata felicitaci\u00f3n por haber concluido esta etapa de formaci\u00f3n integral en su profesi\u00f3n como arquitectos, nos llena de orgullo verlos lograr sus metas, sigan compartiendo su pasi\u00f3n, dedicaci\u00f3n y su filosof\u00eda de l\u00edderes de acci\u00f3n positiva.<\/p>\n<p><strong>\u00a1Much\u00edsimas felicidades arquitectos!<\/strong><\/p>\n<p>\u00a0<\/p>\n\n\n<figure class=\"wp-block-gallery has-nested-images columns-default is-cropped wp-block-gallery-1 is-layout-flex wp-block-gallery-is-layout-flex\">\n<figure class=\"wp-block-image size-large\"><img loading=\"lazy\" decoding=\"async\" width=\"1024\" height=\"576\" data-id=\"1939\" src=\"https:\/\/wp-escuelaarquitectura-prod-h7d4fhcefzhqhadk.mexicocentral-01.azurewebsites.net\/wp-content\/uploads\/2022\/10\/ANAHUAC_MAYO_1-2055.1-1-1024x576.jpg\" alt=\"\" class=\"wp-image-1939\" srcset=\"\/escuelaarquitectura\/wp-content\/uploads\/2022\/10\/ANAHUAC_MAYO_1-2055.1-1-1024x576.jpg 1024w, \/escuelaarquitectura\/wp-content\/uploads\/2022\/10\/ANAHUAC_MAYO_1-2055.1-1-300x169.jpg 300w, \/escuelaarquitectura\/wp-content\/uploads\/2022\/10\/ANAHUAC_MAYO_1-2055.1-1-768x432.jpg 768w, \/escuelaarquitectura\/wp-content\/uploads\/2022\/10\/ANAHUAC_MAYO_1-2055.1-1-1536x864.jpg 1536w, \/escuelaarquitectura\/wp-content\/uploads\/2022\/10\/ANAHUAC_MAYO_1-2055.1-1-2048x1152.jpg 2048w\" sizes=\"auto, (max-width: 1024px) 100vw, 1024px\" \/><\/figure>\n\n\n\n<figure class=\"wp-block-image size-large\"><img loading=\"lazy\" decoding=\"async\" width=\"1024\" height=\"576\" data-id=\"1940\" src=\"https:\/\/wp-escuelaarquitectura-prod-h7d4fhcefzhqhadk.mexicocentral-01.azurewebsites.net\/wp-content\/uploads\/2022\/10\/ANAHUAC_MAYO_1-2083.1-1-1024x576.jpg\" alt=\"\" class=\"wp-image-1940\" srcset=\"\/escuelaarquitectura\/wp-content\/uploads\/2022\/10\/ANAHUAC_MAYO_1-2083.1-1-1024x576.jpg 1024w, \/escuelaarquitectura\/wp-content\/uploads\/2022\/10\/ANAHUAC_MAYO_1-2083.1-1-300x169.jpg 300w, \/escuelaarquitectura\/wp-content\/uploads\/2022\/10\/ANAHUAC_MAYO_1-2083.1-1-768x432.jpg 768w, \/escuelaarquitectura\/wp-content\/uploads\/2022\/10\/ANAHUAC_MAYO_1-2083.1-1-1536x864.jpg 1536w, \/escuelaarquitectura\/wp-content\/uploads\/2022\/10\/ANAHUAC_MAYO_1-2083.1-1-2048x1152.jpg 2048w\" sizes=\"auto, (max-width: 1024px) 100vw, 1024px\" \/><\/figure>\n\n\n\n<figure class=\"wp-block-image size-large\"><img loading=\"lazy\" decoding=\"async\" width=\"1024\" height=\"683\" data-id=\"1938\" src=\"https:\/\/wp-escuelaarquitectura-prod-h7d4fhcefzhqhadk.mexicocentral-01.azurewebsites.net\/wp-content\/uploads\/2022\/10\/ANAHUAC_MAYO_1-2104-1024x683.jpg\" alt=\"\" class=\"wp-image-1938\" srcset=\"\/escuelaarquitectura\/wp-content\/uploads\/2022\/10\/ANAHUAC_MAYO_1-2104-1024x683.jpg 1024w, \/escuelaarquitectura\/wp-content\/uploads\/2022\/10\/ANAHUAC_MAYO_1-2104-300x200.jpg 300w, \/escuelaarquitectura\/wp-content\/uploads\/2022\/10\/ANAHUAC_MAYO_1-2104-768x512.jpg 768w, \/escuelaarquitectura\/wp-content\/uploads\/2022\/10\/ANAHUAC_MAYO_1-2104-391x260.jpg 391w, \/escuelaarquitectura\/wp-content\/uploads\/2022\/10\/ANAHUAC_MAYO_1-2104-1536x1024.jpg 1536w, \/escuelaarquitectura\/wp-content\/uploads\/2022\/10\/ANAHUAC_MAYO_1-2104-2048x1365.jpg 2048w\" sizes=\"auto, (max-width: 1024px) 100vw, 1024px\" \/><\/figure>\n\n\n\n<figure class=\"wp-block-image size-large\"><img loading=\"lazy\" decoding=\"async\" width=\"1024\" height=\"683\" data-id=\"1937\" src=\"https:\/\/wp-escuelaarquitectura-prod-h7d4fhcefzhqhadk.mexicocentral-01.azurewebsites.net\/wp-content\/uploads\/2022\/10\/ANAHUAC_MAYO_G-2105-1-1024x683.jpg\" alt=\"\" class=\"wp-image-1937\" srcset=\"\/escuelaarquitectura\/wp-content\/uploads\/2022\/10\/ANAHUAC_MAYO_G-2105-1-1024x683.jpg 1024w, \/escuelaarquitectura\/wp-content\/uploads\/2022\/10\/ANAHUAC_MAYO_G-2105-1-300x200.jpg 300w, \/escuelaarquitectura\/wp-content\/uploads\/2022\/10\/ANAHUAC_MAYO_G-2105-1-768x512.jpg 768w, \/escuelaarquitectura\/wp-content\/uploads\/2022\/10\/ANAHUAC_MAYO_G-2105-1-391x260.jpg 391w, \/escuelaarquitectura\/wp-content\/uploads\/2022\/10\/ANAHUAC_MAYO_G-2105-1-1536x1024.jpg 1536w, \/escuelaarquitectura\/wp-content\/uploads\/2022\/10\/ANAHUAC_MAYO_G-2105-1-2048x1365.jpg 2048w\" sizes=\"auto, (max-width: 1024px) 100vw, 1024px\" \/><\/figure>\n<\/figure>\n","protected":false},"excerpt":{"rendered":"<p>\u00a0 Graduaci\u00f3n generaci\u00f3n 2022 En mayo 2022 se llev\u00f3 a cabo la ceremonia de graduaci\u00f3n de los nuevos egresados de [&hellip;]<\/p>\n","protected":false},"author":2,"featured_media":1936,"comment_status":"open","ping_status":"closed","sticky":false,"template":"","format":"standard","meta":{"footnotes":""},"categories":[38,39,40,41],"tags":[70,68,42,76,43,65,52],"class_list":["post-1884","post","type-post","status-publish","format-standard","has-post-thumbnail","hentry","category-alumnos","category-arquitectura","category-egresados","category-maestros","tag-alumnos","tag-anahuacqueretaro","tag-arquitecturaanahuac","tag-egresados","tag-escuelaarquitectura","tag-graduacion","tag-arquitectura"],"_links":{"self":[{"href":"https:\/\/anahuacqro.edu.mx\/escuelaarquitectura\/wp-json\/wp\/v2\/posts\/1884","targetHints":{"allow":["GET"]}}],"collection":[{"href":"https:\/\/anahuacqro.edu.mx\/escuelaarquitectura\/wp-json\/wp\/v2\/posts"}],"about":[{"href":"https:\/\/anahuacqro.edu.mx\/escuelaarquitectura\/wp-json\/wp\/v2\/types\/post"}],"author":[{"embeddable":true,"href":"https:\/\/anahuacqro.edu.mx\/escuelaarquitectura\/wp-json\/wp\/v2\/users\/2"}],"replies":[{"embeddable":true,"href":"https:\/\/anahuacqro.edu.mx\/escuelaarquitectura\/wp-json\/wp\/v2\/comments?post=1884"}],"version-history":[{"count":6,"href":"https:\/\/anahuacqro.edu.mx\/escuelaarquitectura\/wp-json\/wp\/v2\/posts\/1884\/revisions"}],"predecessor-version":[{"id":1941,"href":"https:\/\/anahuacqro.edu.mx\/escuelaarquitectura\/wp-json\/wp\/v2\/posts\/1884\/revisions\/1941"}],"wp:featuredmedia":[{"embeddable":true,"href":"https:\/\/anahuacqro.edu.mx\/escuelaarquitectura\/wp-json\/wp\/v2\/media\/1936"}],"wp:attachment":[{"href":"https:\/\/anahuacqro.edu.mx\/escuelaarquitectura\/wp-json\/wp\/v2\/media?parent=1884"}],"wp:term":[{"taxonomy":"category","embeddable":true,"href":"https:\/\/anahuacqro.edu.mx\/escuelaarquitectura\/wp-json\/wp\/v2\/categories?post=1884"},{"taxonomy":"post_tag","embeddable":true,"href":"https:\/\/anahuacqro.edu.mx\/escuelaarquitectura\/wp-json\/wp\/v2\/tags?post=1884"}],"curies":[{"name":"wp","href":"https:\/\/api.w.org\/{rel}","templated":true}]}}