{"id":2021,"date":"2023-01-30T20:59:42","date_gmt":"2023-01-30T20:59:42","guid":{"rendered":"https:\/\/anahuacqro.edu.mx\/escuelaarquitectura\/?p=2021"},"modified":"2023-01-30T20:59:43","modified_gmt":"2023-01-30T20:59:43","slug":"encuentro-con-padres-de-familia","status":"publish","type":"post","link":"https:\/\/anahuacqro.edu.mx\/escuelaarquitectura\/2023\/01\/30\/encuentro-con-padres-de-familia\/","title":{"rendered":"Encuentro con padres de familia"},"content":{"rendered":"<p><span style=\"font-weight: 400;\">El d\u00eda 24 de agosto a las 08:00 hrs se llev\u00f3 a cabo el segundo encuentro con padres de familia organizado por la Escuela de Arquitectura de la Universidad con el objetivo de compartirle a los padres c\u00f3mo es la vida de un estudiante arquitecto, los retos a los que se enfrenta, el programa de la Escuela, las oportunidades que tendr\u00e1n por estudiar dentro de la Universidad y sobre todo para hacer \u00e9nfasis en el programa de acompa\u00f1amiento del que se beneficiar\u00e1n sus hijos durante la licenciatura.<\/span><\/p>\n<p><span style=\"font-weight: 400;\">Como inicio se realiz\u00f3 la presentaci\u00f3n del equipo de la Escuela de arquitectura, y posteriormente, el Arquitecto y Director de la licenciatura, Rodrigo Langarica \u00c1vila, hizo la presentaci\u00f3n de todos los temas asociados a la Escuela de Arquitectura, posteriormente la Arquitecta Orqu\u00eddea Sandoval, quien es parte del comit\u00e9 de acompa\u00f1amiento de la Universidad, realiz\u00f3 la presentaci\u00f3n que explicaba el acompa\u00f1amiento a los alumnos durante la licenciatura.&nbsp;<\/span><\/p>\n<p><span style=\"font-weight: 400;\">Posteriormente Mariana Rodr\u00edguez, quien forma parte del equipo de Formaci\u00f3n Integral hizo una breve introducci\u00f3n de \u00e9stas \u00e1reas y las oportunidades que ofrece formaci\u00f3n integral a los alumnos.&nbsp;<\/span><\/p>\n<p><span style=\"font-weight: 400;\">El encuentro concluy\u00f3 con una breve presentaci\u00f3n explicando las actividades que realiza el \u00e1rea de Pastoral, por parte del Padre Jean Cristoph y una breve sesi\u00f3n de preguntas y respuestas. <\/span><\/p>\n<p>&nbsp;<\/p>\n","protected":false},"excerpt":{"rendered":"<p>El d\u00eda 24 de agosto a las 08:00 hrs se llev\u00f3 a cabo el segundo encuentro con padres de familia [&hellip;]<\/p>\n","protected":false},"author":2,"featured_media":2022,"comment_status":"open","ping_status":"closed","sticky":false,"template":"","format":"standard","meta":{"footnotes":""},"categories":[38,39,36],"tags":[70,42,43,52],"class_list":["post-2021","post","type-post","status-publish","format-standard","has-post-thumbnail","hentry","category-alumnos","category-arquitectura","category-noticias","tag-alumnos","tag-arquitecturaanahuac","tag-escuelaarquitectura","tag-arquitectura"],"_links":{"self":[{"href":"https:\/\/anahuacqro.edu.mx\/escuelaarquitectura\/wp-json\/wp\/v2\/posts\/2021","targetHints":{"allow":["GET"]}}],"collection":[{"href":"https:\/\/anahuacqro.edu.mx\/escuelaarquitectura\/wp-json\/wp\/v2\/posts"}],"about":[{"href":"https:\/\/anahuacqro.edu.mx\/escuelaarquitectura\/wp-json\/wp\/v2\/types\/post"}],"author":[{"embeddable":true,"href":"https:\/\/anahuacqro.edu.mx\/escuelaarquitectura\/wp-json\/wp\/v2\/users\/2"}],"replies":[{"embeddable":true,"href":"https:\/\/anahuacqro.edu.mx\/escuelaarquitectura\/wp-json\/wp\/v2\/comments?post=2021"}],"version-history":[{"count":2,"href":"https:\/\/anahuacqro.edu.mx\/escuelaarquitectura\/wp-json\/wp\/v2\/posts\/2021\/revisions"}],"predecessor-version":[{"id":2024,"href":"https:\/\/anahuacqro.edu.mx\/escuelaarquitectura\/wp-json\/wp\/v2\/posts\/2021\/revisions\/2024"}],"wp:featuredmedia":[{"embeddable":true,"href":"https:\/\/anahuacqro.edu.mx\/escuelaarquitectura\/wp-json\/wp\/v2\/media\/2022"}],"wp:attachment":[{"href":"https:\/\/anahuacqro.edu.mx\/escuelaarquitectura\/wp-json\/wp\/v2\/media?parent=2021"}],"wp:term":[{"taxonomy":"category","embeddable":true,"href":"https:\/\/anahuacqro.edu.mx\/escuelaarquitectura\/wp-json\/wp\/v2\/categories?post=2021"},{"taxonomy":"post_tag","embeddable":true,"href":"https:\/\/anahuacqro.edu.mx\/escuelaarquitectura\/wp-json\/wp\/v2\/tags?post=2021"}],"curies":[{"name":"wp","href":"https:\/\/api.w.org\/{rel}","templated":true}]}}