{"id":643,"date":"2021-05-25T00:32:02","date_gmt":"2021-05-24T19:32:02","guid":{"rendered":"https:\/\/anahuacqro.edu.mx\/escuelaarquitectura\/?p=643"},"modified":"2021-07-02T17:24:17","modified_gmt":"2021-07-02T17:24:17","slug":"encuentro-con-egresados","status":"publish","type":"post","link":"https:\/\/anahuacqro.edu.mx\/escuelaarquitectura\/2021\/05\/25\/encuentro-con-egresados\/","title":{"rendered":"Encuentro con Egresados"},"content":{"rendered":"\n<blockquote class=\"wp-block-quote is-layout-flow wp-block-quote-is-layout-flow\"><p>18 de febrero del 2021<\/p><\/blockquote>\n\n\n\n<div style=\"height:30px\" aria-hidden=\"true\" class=\"wp-block-spacer\"><\/div>\n\n\n\n<p>La Escuela de Arquitectura organiz\u00f3 un evento en l\u00ednea para sus egresados, con el objetivo de generar una comunidad s\u00f3lida entre ellos y que puedan mantener el contacto con la universidad. La escuela le hizo saber a los egresados que siempre formar\u00e1n parte de la comunidad de la Escuela de Arquitectura An\u00e1huac y siempre tendr\u00e1n el apoyo que necesiten en su nuevos proyectos y emprendimientos.<\/p>\n\n\n\n<div style=\"height:30px\" aria-hidden=\"true\" class=\"wp-block-spacer\"><\/div>\n\n\n\n<figure class=\"wp-block-gallery columns-1 is-cropped wp-block-gallery-1 is-layout-flex wp-block-gallery-is-layout-flex\"><ul class=\"blocks-gallery-grid\"><li class=\"blocks-gallery-item\"><figure><img loading=\"lazy\" decoding=\"async\" width=\"1024\" height=\"1024\" src=\"https:\/\/anahuacqro.edu.mx\/escuela-arquitectura\/wp-content\/uploads\/2021\/05\/reunion-egresados-feb-2021-1024x1024.jpg\" alt=\"\" data-id=\"665\" data-full-url=\"https:\/\/anahuacqro.edu.mx\/escuela-arquitectura\/wp-content\/uploads\/2021\/05\/reunion-egresados-feb-2021.jpg\" data-link=\"https:\/\/wp-escuelaarquitectura-prod-h7d4fhcefzhqhadk.mexicocentral-01.azurewebsites.net\/?attachment_id=665\" class=\"wp-image-665\" srcset=\"\/escuelaarquitectura\/wp-content\/uploads\/2021\/05\/reunion-egresados-feb-2021-1024x1024.jpg 1024w, \/escuelaarquitectura\/wp-content\/uploads\/2021\/05\/reunion-egresados-feb-2021-300x300.jpg 300w, \/escuelaarquitectura\/wp-content\/uploads\/2021\/05\/reunion-egresados-feb-2021-150x150.jpg 150w, \/escuelaarquitectura\/wp-content\/uploads\/2021\/05\/reunion-egresados-feb-2021-768x768.jpg 768w, \/escuelaarquitectura\/wp-content\/uploads\/2021\/05\/reunion-egresados-feb-2021.jpg 1080w\" sizes=\"auto, (max-width: 1024px) 100vw, 1024px\" \/><\/figure><\/li><\/ul><\/figure>\n","protected":false},"excerpt":{"rendered":"<p>18 de febrero del 2021 La Escuela de Arquitectura organiz\u00f3 un evento en l\u00ednea para sus egresados, con el objetivo [&hellip;]<\/p>\n","protected":false},"author":2,"featured_media":665,"comment_status":"open","ping_status":"open","sticky":false,"template":"","format":"standard","meta":{"footnotes":""},"categories":[40],"tags":[],"class_list":["post-643","post","type-post","status-publish","format-standard","has-post-thumbnail","hentry","category-egresados"],"_links":{"self":[{"href":"https:\/\/anahuacqro.edu.mx\/escuelaarquitectura\/wp-json\/wp\/v2\/posts\/643","targetHints":{"allow":["GET"]}}],"collection":[{"href":"https:\/\/anahuacqro.edu.mx\/escuelaarquitectura\/wp-json\/wp\/v2\/posts"}],"about":[{"href":"https:\/\/anahuacqro.edu.mx\/escuelaarquitectura\/wp-json\/wp\/v2\/types\/post"}],"author":[{"embeddable":true,"href":"https:\/\/anahuacqro.edu.mx\/escuelaarquitectura\/wp-json\/wp\/v2\/users\/2"}],"replies":[{"embeddable":true,"href":"https:\/\/anahuacqro.edu.mx\/escuelaarquitectura\/wp-json\/wp\/v2\/comments?post=643"}],"version-history":[{"count":1,"href":"https:\/\/anahuacqro.edu.mx\/escuelaarquitectura\/wp-json\/wp\/v2\/posts\/643\/revisions"}],"predecessor-version":[{"id":954,"href":"https:\/\/anahuacqro.edu.mx\/escuelaarquitectura\/wp-json\/wp\/v2\/posts\/643\/revisions\/954"}],"wp:featuredmedia":[{"embeddable":true,"href":"https:\/\/anahuacqro.edu.mx\/escuelaarquitectura\/wp-json\/wp\/v2\/media\/665"}],"wp:attachment":[{"href":"https:\/\/anahuacqro.edu.mx\/escuelaarquitectura\/wp-json\/wp\/v2\/media?parent=643"}],"wp:term":[{"taxonomy":"category","embeddable":true,"href":"https:\/\/anahuacqro.edu.mx\/escuelaarquitectura\/wp-json\/wp\/v2\/categories?post=643"},{"taxonomy":"post_tag","embeddable":true,"href":"https:\/\/anahuacqro.edu.mx\/escuelaarquitectura\/wp-json\/wp\/v2\/tags?post=643"}],"curies":[{"name":"wp","href":"https:\/\/api.w.org\/{rel}","templated":true}]}}